{"id":9076,"date":"2022-03-30T16:02:11","date_gmt":"2022-03-30T14:02:11","guid":{"rendered":"https:\/\/biblioteca.tianat.cat\/?p=9076"},"modified":"2024-10-02T17:16:21","modified_gmt":"2024-10-02T15:16:21","slug":"el-conflicte-i-la-guerra","status":"publish","type":"post","link":"https:\/\/biblioteca.tianat.cat\/?p=9076","title":{"rendered":"El conflicte&#8230; i la guerra&#8230;"},"content":{"rendered":"<p>Des de fa pocs dies, hem vist un nou canvi sobtat i abrupte a les nostres vides. Hem vist l&#8217;esclat d&#8217;un conflicte, la invasi\u00f3 de R\u00fassia a Ucra\u00efna. Com \u00e9s possible que aix\u00f2 passi a ple segle XXI? Com pot ser que els humans fem guerres? Les guerres i els conflictes b\u00e8l\u00b7lics nom\u00e9s porten morts de milers de persones, la destrucci\u00f3 de somnis i il\u00b7lusions, desolaci\u00f3, tristesa, devastaci\u00f3&#8230;<\/p>\n<p>Des de la Biblioteca, us hem preparat una guia on podreu trobar informaci\u00f3 sobre les arrels del conflicte i com s&#8217;ha arribat fins al pitjor dels escenaris possibles, a m\u00e9s trobareu contes que ens parlen sobre la guerra per poder parlar amb els infants. Que tingueu bona lectura!<\/p>\n<p><a href=\"https:\/\/drive.google.com\/file\/d\/18vnZ3TiToVilm2c3K5OwDdrBM1s3cq6z\/view?usp=sharing\">El conflicte&#8230; i la guerra<\/a><\/p>\n","protected":false},"excerpt":{"rendered":"<p>Des de fa pocs dies, hem vist un nou canvi sobtat i abrupte a les nostres vides. Hem vist l&#8217;esclat d&#8217;un conflicte, la invasi\u00f3 de R\u00fassia a Ucra\u00efna. Com \u00e9s possible que<a class=\"moretag\" href=\"https:\/\/biblioteca.tianat.cat\/?p=9076\">Read More&#8230;<\/a><\/p>\n","protected":false},"author":4,"featured_media":9077,"comment_status":"closed","ping_status":"closed","sticky":false,"template":"","format":"standard","meta":[],"categories":[145],"tags":[],"_links":{"self":[{"href":"https:\/\/biblioteca.tianat.cat\/index.php?rest_route=\/wp\/v2\/posts\/9076"}],"collection":[{"href":"https:\/\/biblioteca.tianat.cat\/index.php?rest_route=\/wp\/v2\/posts"}],"about":[{"href":"https:\/\/biblioteca.tianat.cat\/index.php?rest_route=\/wp\/v2\/types\/post"}],"author":[{"embeddable":true,"href":"https:\/\/biblioteca.tianat.cat\/index.php?rest_route=\/wp\/v2\/users\/4"}],"replies":[{"embeddable":true,"href":"https:\/\/biblioteca.tianat.cat\/index.php?rest_route=%2Fwp%2Fv2%2Fcomments&post=9076"}],"version-history":[{"count":3,"href":"https:\/\/biblioteca.tianat.cat\/index.php?rest_route=\/wp\/v2\/posts\/9076\/revisions"}],"predecessor-version":[{"id":11630,"href":"https:\/\/biblioteca.tianat.cat\/index.php?rest_route=\/wp\/v2\/posts\/9076\/revisions\/11630"}],"wp:featuredmedia":[{"embeddable":true,"href":"https:\/\/biblioteca.tianat.cat\/index.php?rest_route=\/wp\/v2\/media\/9077"}],"wp:attachment":[{"href":"https:\/\/biblioteca.tianat.cat\/index.php?rest_route=%2Fwp%2Fv2%2Fmedia&parent=9076"}],"wp:term":[{"taxonomy":"category","embeddable":true,"href":"https:\/\/biblioteca.tianat.cat\/index.php?rest_route=%2Fwp%2Fv2%2Fcategories&post=9076"},{"taxonomy":"post_tag","embeddable":true,"href":"https:\/\/biblioteca.tianat.cat\/index.php?rest_route=%2Fwp%2Fv2%2Ftags&post=9076"}],"curies":[{"name":"wp","href":"https:\/\/api.w.org\/{rel}","templated":true}]}}