{"id":9186,"date":"2022-05-27T18:02:08","date_gmt":"2022-05-27T16:02:08","guid":{"rendered":"https:\/\/biblioteca.tianat.cat\/?p=9186"},"modified":"2022-05-27T18:02:08","modified_gmt":"2022-05-27T16:02:08","slug":"dijous-16-de-juny-el-viatge-den-james","status":"publish","type":"post","link":"https:\/\/biblioteca.tianat.cat\/?p=9186","title":{"rendered":"Dijous 16 de juny &#8211; El viatge d&#8217;en James"},"content":{"rendered":"<p>Des del seu hortet al camp, la Carola es dirigeix\u00a0 cada setmana amb el seu carro als mercats dels pobles de prop.<\/p>\n<p>Les fruites i les hortalisses, conreades de forma ecol\u00f2gica, omplen les caixes de la pagesa , que, amb molta paci\u00e8ncia, espera l&#8217;arribada dels clients. Per\u00f2, avui els vilatans no apareixen. Aix\u00ed que mentre espera, decideix explicar una hist\u00f2ria ben especial: l&#8217;incre\u00efble viatge que en James va fer damunt d&#8217;un pr\u00e9ssec gegant, amb una colla de simp\u00e0tics insectes.<\/p>\n<p>El viatge d&#8217;en James \u00e9s un conte teatralitzat musical. Molt dels personatges s\u00f3n titelles que representen fruites i verdures, constru\u00efts en diferents materials. La hist\u00f2ria \u00e9s una adaptaci\u00f3 del conte de Roald Dahl\u00a0<em>James i el pr\u00e9ssec gegant.<\/em><\/p>\n<p>A c\u00e0rrec de Tetre Aula<\/p>\n<p>Recomanat per a infants a partir de <strong>4 anys<\/strong><\/p>\n<div class=\"fusion-text fusion-text-9\">\n<p>&nbsp;<\/p>\n<p>&nbsp;<\/p>\n<\/div>\n<p>&nbsp;<\/p>\n<p>&nbsp;<\/p>\n","protected":false},"excerpt":{"rendered":"<p>Des del seu hortet al camp, la Carola es dirigeix\u00a0 cada setmana amb el seu carro als mercats dels pobles de prop. Les fruites i les hortalisses, conreades de forma ecol\u00f2gica, omplen<a class=\"moretag\" href=\"https:\/\/biblioteca.tianat.cat\/?p=9186\">Read More&#8230;<\/a><\/p>\n","protected":false},"author":4,"featured_media":9189,"comment_status":"closed","ping_status":"closed","sticky":false,"template":"","format":"standard","meta":[],"categories":[161],"tags":[],"_links":{"self":[{"href":"https:\/\/biblioteca.tianat.cat\/index.php?rest_route=\/wp\/v2\/posts\/9186"}],"collection":[{"href":"https:\/\/biblioteca.tianat.cat\/index.php?rest_route=\/wp\/v2\/posts"}],"about":[{"href":"https:\/\/biblioteca.tianat.cat\/index.php?rest_route=\/wp\/v2\/types\/post"}],"author":[{"embeddable":true,"href":"https:\/\/biblioteca.tianat.cat\/index.php?rest_route=\/wp\/v2\/users\/4"}],"replies":[{"embeddable":true,"href":"https:\/\/biblioteca.tianat.cat\/index.php?rest_route=%2Fwp%2Fv2%2Fcomments&post=9186"}],"version-history":[{"count":3,"href":"https:\/\/biblioteca.tianat.cat\/index.php?rest_route=\/wp\/v2\/posts\/9186\/revisions"}],"predecessor-version":[{"id":9190,"href":"https:\/\/biblioteca.tianat.cat\/index.php?rest_route=\/wp\/v2\/posts\/9186\/revisions\/9190"}],"wp:featuredmedia":[{"embeddable":true,"href":"https:\/\/biblioteca.tianat.cat\/index.php?rest_route=\/wp\/v2\/media\/9189"}],"wp:attachment":[{"href":"https:\/\/biblioteca.tianat.cat\/index.php?rest_route=%2Fwp%2Fv2%2Fmedia&parent=9186"}],"wp:term":[{"taxonomy":"category","embeddable":true,"href":"https:\/\/biblioteca.tianat.cat\/index.php?rest_route=%2Fwp%2Fv2%2Fcategories&post=9186"},{"taxonomy":"post_tag","embeddable":true,"href":"https:\/\/biblioteca.tianat.cat\/index.php?rest_route=%2Fwp%2Fv2%2Ftags&post=9186"}],"curies":[{"name":"wp","href":"https:\/\/api.w.org\/{rel}","templated":true}]}}