{"id":9375,"date":"2022-09-30T18:59:34","date_gmt":"2022-09-30T16:59:34","guid":{"rendered":"https:\/\/biblioteca.tianat.cat\/?p=9375"},"modified":"2022-10-04T13:24:14","modified_gmt":"2022-10-04T11:24:14","slug":"dijous-6-doctubre-avies-de-conte","status":"publish","type":"post","link":"https:\/\/biblioteca.tianat.cat\/?p=9375","title":{"rendered":"Dijous 6 d&#8217;octubre &#8211; \u00c0vies de conte"},"content":{"rendered":"<p>Comencem l&#8217;hora del conte d&#8217;aquest mes d&#8217;octubre amb una sessi\u00f3 ben especial de contes amb la col\u00b7laboraci\u00f3 de la Llar de Persones Grans de Tiana per commemorar el Dia Internacional de la Gent Gran que es va celebrar el proppassat 1 d&#8217;octubre.<\/p>\n<p>\u00c0vies de Tiana explicaran contes al m\u00e9s menuts, compartirana amb ells una gran estona i la m\u00e0gia de les antigues hist\u00f2ries.<\/p>\n<p>Per a infants <strong>a partir de 4 anys<\/strong><\/p>\n<p>&nbsp;<\/p>\n<p>&nbsp;<\/p>\n","protected":false},"excerpt":{"rendered":"<p>Comencem l&#8217;hora del conte d&#8217;aquest mes d&#8217;octubre amb una sessi\u00f3 ben especial de contes amb la col\u00b7laboraci\u00f3 de la Llar de Persones Grans de Tiana per commemorar el Dia Internacional de la<a class=\"moretag\" href=\"https:\/\/biblioteca.tianat.cat\/?p=9375\">Read More&#8230;<\/a><\/p>\n","protected":false},"author":4,"featured_media":9378,"comment_status":"closed","ping_status":"closed","sticky":false,"template":"","format":"standard","meta":[],"categories":[161,78],"tags":[],"_links":{"self":[{"href":"https:\/\/biblioteca.tianat.cat\/index.php?rest_route=\/wp\/v2\/posts\/9375"}],"collection":[{"href":"https:\/\/biblioteca.tianat.cat\/index.php?rest_route=\/wp\/v2\/posts"}],"about":[{"href":"https:\/\/biblioteca.tianat.cat\/index.php?rest_route=\/wp\/v2\/types\/post"}],"author":[{"embeddable":true,"href":"https:\/\/biblioteca.tianat.cat\/index.php?rest_route=\/wp\/v2\/users\/4"}],"replies":[{"embeddable":true,"href":"https:\/\/biblioteca.tianat.cat\/index.php?rest_route=%2Fwp%2Fv2%2Fcomments&post=9375"}],"version-history":[{"count":2,"href":"https:\/\/biblioteca.tianat.cat\/index.php?rest_route=\/wp\/v2\/posts\/9375\/revisions"}],"predecessor-version":[{"id":9377,"href":"https:\/\/biblioteca.tianat.cat\/index.php?rest_route=\/wp\/v2\/posts\/9375\/revisions\/9377"}],"wp:featuredmedia":[{"embeddable":true,"href":"https:\/\/biblioteca.tianat.cat\/index.php?rest_route=\/wp\/v2\/media\/9378"}],"wp:attachment":[{"href":"https:\/\/biblioteca.tianat.cat\/index.php?rest_route=%2Fwp%2Fv2%2Fmedia&parent=9375"}],"wp:term":[{"taxonomy":"category","embeddable":true,"href":"https:\/\/biblioteca.tianat.cat\/index.php?rest_route=%2Fwp%2Fv2%2Fcategories&post=9375"},{"taxonomy":"post_tag","embeddable":true,"href":"https:\/\/biblioteca.tianat.cat\/index.php?rest_route=%2Fwp%2Fv2%2Ftags&post=9375"}],"curies":[{"name":"wp","href":"https:\/\/api.w.org\/{rel}","templated":true}]}}