{"id":95,"date":"2014-11-10T15:54:00","date_gmt":"2014-11-10T15:54:00","guid":{"rendered":"https:\/\/biblioteca.tianat.cat\/?p=95"},"modified":"2015-05-28T10:27:08","modified_gmt":"2015-05-28T10:27:08","slug":"fes-que-la-biblioteca-bategui","status":"publish","type":"post","link":"https:\/\/biblioteca.tianat.cat\/?p=95","title":{"rendered":"Fes que la Biblioteca bategui!"},"content":{"rendered":"<div class=\"separator\" style=\"clear: both; text-align: center;\">\n<a href=\"https:\/\/biblioteca.tianat.cat\/wp-content\/uploads\/2014\/11\/imatge_marato.jpg\" imageanchor=\"1\" style=\"clear: left; float: left; margin-bottom: 1em; margin-right: 1em;\"><img decoding=\"async\" border=\"0\" src=\"https:\/\/biblioteca.tianat.cat\/wp-content\/uploads\/2014\/11\/imatge_marato.jpg\" \/><\/a><\/div>\n<div style=\"text-align: justify;\">\nLa <a href=\"http:\/\/www.tv3.cat\/marato\/\" target=\"_blank\">Marat\u00f3 de Tv3<\/a> \u00e9s una cita d&#8217;aquestes ja que s&#8217;han convertit en &#8220;tradici\u00f3&#8221; a casa nostra. Des del <a href=\"http:\/\/www.tv3.cat\/marato\/totes_les_maratons\" target=\"_blank\">1992<\/a>, durant el mes de desembre, la televisi\u00f3 p\u00fablica catalana convoca a totes les persones que ho desitgin a fer un donatiu econ\u00f2mic que es destinar\u00e0 a la investigaci\u00f3 m\u00e8dica.<\/div>\n<div style=\"text-align: justify;\">\nCada any s&#8217;escull un tema que ser\u00e0 objecte de recerca: la <a href=\"http:\/\/www.tv3.cat\/marato\/arxiu\/1992\" target=\"_blank\">leuc\u00e8mia <\/a>(1992), el c\u00e0ncer (<a href=\"http:\/\/www.tv3.cat\/marato\/arxiu\/1994\" target=\"_blank\">1994<\/a>, <a href=\"http:\/\/www.tv3.cat\/marato\/arxiu\/2004\" target=\"_blank\">2004<\/a>, <a href=\"http:\/\/www.tv3.cat\/marato\/arxiu\/2012\/\" target=\"_blank\">2012<\/a>), les malalties minorit\u00e0ries (<a href=\"http:\/\/www.tv3.cat\/marato\/arxiu\/2009\/\" target=\"_blank\">2009<\/a>) i un llarg <a href=\"http:\/\/www.tv3.cat\/marato\/totes_les_maratons\" target=\"_blank\">etc\u00e8tera<\/a>.<\/div>\n<div style=\"text-align: justify;\">\nL&#8217;edici\u00f3 d&#8217;aquest any es vol dedicar (de nou) a les <b>malalties del cor<\/b> (el <a href=\"http:\/\/www.tv3.cat\/marato\/arxiu\/1995\" target=\"_blank\">1995<\/a> es va dedicar a les malalties cardiovasculars).<\/div>\n<div style=\"text-align: justify;\">\nCada any, els municipis es volquen a fer activitats per recaptar el m\u00e0xim de fons possible. I Tiana no n&#8217;\u00e9s una excepci\u00f3. I tampoc ho vol ser la biblioteca Can Baratau.<\/div>\n<div style=\"text-align: justify;\">\nA partir del divendres <b>14 de novembre i fins el 14 de desembre<\/b>, us oferim la oportunitat de fer un donatiu per la Marat\u00f3 de TV3. Sota el lema &#8220;<b>Fes que la biblioteca bategui<\/b>&#8220;, les <a href=\"http:\/\/bibliotecavirtual.diba.cat\/busca-una-biblioteca?p_p_id=Bibliobuses_WAR_bibliobusesportlet_INSTANCE_rNp2&amp;p_p_lifecycle=1&amp;p_p_state=normal&amp;p_p_mode=view&amp;p_p_col_id=column-1&amp;p_p_col_count=2&amp;_Bibliobuses_WAR_bibliobusesportlet_INSTANCE_rNp2_javax.portlet.action=map\" target=\"_blank\">biblioteques de la comarca<\/a> hem decidit col\u00b7laborar amb la causa.<\/div>\n<div style=\"text-align: justify;\">\nPosarem a disposici\u00f3 de qui ho vulgui una taula amb llibres provinents de donatius i que la biblioteca no ha pogut assumir dins del seu fons. A canvi d&#8217;un donatiu (voluntari) us podreu endur el llibre que m\u00e9s us agradi.<\/div>\n<div style=\"text-align: justify;\">\nLa col\u00b7lecta l&#8217;entregarem totes les biblioteques del Maresme de forma conjunta a la Marat\u00f3 de TV3.<\/div>\n<div style=\"text-align: justify;\">\nVine i&#8230;<\/div>\n<div style=\"text-align: center;\">\n<i><b>Fes que la biblioteca bategui!<\/b><\/i><\/div>\n","protected":false},"excerpt":{"rendered":"<p>La Marat\u00f3 de Tv3 \u00e9s una cita d&#8217;aquestes ja que s&#8217;han convertit en &#8220;tradici\u00f3&#8221; a casa nostra. Des del 1992, durant el mes de desembre, la televisi\u00f3 p\u00fablica catalana convoca a totes<a class=\"moretag\" href=\"https:\/\/biblioteca.tianat.cat\/?p=95\">Read More&#8230;<\/a><\/p>\n","protected":false},"author":1,"featured_media":636,"comment_status":"closed","ping_status":"closed","sticky":false,"template":"","format":"standard","meta":[],"categories":[8],"tags":[22,13],"_links":{"self":[{"href":"https:\/\/biblioteca.tianat.cat\/index.php?rest_route=\/wp\/v2\/posts\/95"}],"collection":[{"href":"https:\/\/biblioteca.tianat.cat\/index.php?rest_route=\/wp\/v2\/posts"}],"about":[{"href":"https:\/\/biblioteca.tianat.cat\/index.php?rest_route=\/wp\/v2\/types\/post"}],"author":[{"embeddable":true,"href":"https:\/\/biblioteca.tianat.cat\/index.php?rest_route=\/wp\/v2\/users\/1"}],"replies":[{"embeddable":true,"href":"https:\/\/biblioteca.tianat.cat\/index.php?rest_route=%2Fwp%2Fv2%2Fcomments&post=95"}],"version-history":[{"count":1,"href":"https:\/\/biblioteca.tianat.cat\/index.php?rest_route=\/wp\/v2\/posts\/95\/revisions"}],"predecessor-version":[{"id":637,"href":"https:\/\/biblioteca.tianat.cat\/index.php?rest_route=\/wp\/v2\/posts\/95\/revisions\/637"}],"wp:featuredmedia":[{"embeddable":true,"href":"https:\/\/biblioteca.tianat.cat\/index.php?rest_route=\/wp\/v2\/media\/636"}],"wp:attachment":[{"href":"https:\/\/biblioteca.tianat.cat\/index.php?rest_route=%2Fwp%2Fv2%2Fmedia&parent=95"}],"wp:term":[{"taxonomy":"category","embeddable":true,"href":"https:\/\/biblioteca.tianat.cat\/index.php?rest_route=%2Fwp%2Fv2%2Fcategories&post=95"},{"taxonomy":"post_tag","embeddable":true,"href":"https:\/\/biblioteca.tianat.cat\/index.php?rest_route=%2Fwp%2Fv2%2Ftags&post=95"}],"curies":[{"name":"wp","href":"https:\/\/api.w.org\/{rel}","templated":true}]}}