{"id":9805,"date":"2023-03-13T21:10:51","date_gmt":"2023-03-13T19:10:51","guid":{"rendered":"https:\/\/biblioteca.tianat.cat\/?p=9805"},"modified":"2023-03-13T21:10:51","modified_gmt":"2023-03-13T19:10:51","slug":"hora-del-conte","status":"publish","type":"post","link":"https:\/\/biblioteca.tianat.cat\/?p=9805","title":{"rendered":"Hora del Conte"},"content":{"rendered":"\n<p>El proper dijous dia 16 de mar\u00e7 a les 18h. tenim una trobada amb l&#8217;Hora del conte.<\/p>\n\n\n\n<p>Aquesta vegada a c\u00e0rrec de La Min\u00fascula, que ens explicaran el conte <em>Les papallones tamb\u00e9 volen poesia<\/em><\/p>\n\n\n\n<p>per commemorar el dia mundial de la poesia.<\/p>\n\n\n\n<p>L&#8217;activitat va dirigida per a infants a partir del 4 anys.<\/p>\n\n\n\n<p>Us hi esperem!<\/p>\n","protected":false},"excerpt":{"rendered":"<p>El proper dijous dia 16 de mar\u00e7 a les 18h. tenim una trobada amb l&#8217;Hora del conte. Aquesta vegada a c\u00e0rrec de La Min\u00fascula, que ens explicaran el conte Les papallones tamb\u00e9<a class=\"moretag\" href=\"https:\/\/biblioteca.tianat.cat\/?p=9805\">Read More&#8230;<\/a><\/p>\n","protected":false},"author":11,"featured_media":9806,"comment_status":"closed","ping_status":"closed","sticky":false,"template":"","format":"standard","meta":[],"categories":[159,78],"tags":[],"_links":{"self":[{"href":"https:\/\/biblioteca.tianat.cat\/index.php?rest_route=\/wp\/v2\/posts\/9805"}],"collection":[{"href":"https:\/\/biblioteca.tianat.cat\/index.php?rest_route=\/wp\/v2\/posts"}],"about":[{"href":"https:\/\/biblioteca.tianat.cat\/index.php?rest_route=\/wp\/v2\/types\/post"}],"author":[{"embeddable":true,"href":"https:\/\/biblioteca.tianat.cat\/index.php?rest_route=\/wp\/v2\/users\/11"}],"replies":[{"embeddable":true,"href":"https:\/\/biblioteca.tianat.cat\/index.php?rest_route=%2Fwp%2Fv2%2Fcomments&post=9805"}],"version-history":[{"count":3,"href":"https:\/\/biblioteca.tianat.cat\/index.php?rest_route=\/wp\/v2\/posts\/9805\/revisions"}],"predecessor-version":[{"id":9812,"href":"https:\/\/biblioteca.tianat.cat\/index.php?rest_route=\/wp\/v2\/posts\/9805\/revisions\/9812"}],"wp:featuredmedia":[{"embeddable":true,"href":"https:\/\/biblioteca.tianat.cat\/index.php?rest_route=\/wp\/v2\/media\/9806"}],"wp:attachment":[{"href":"https:\/\/biblioteca.tianat.cat\/index.php?rest_route=%2Fwp%2Fv2%2Fmedia&parent=9805"}],"wp:term":[{"taxonomy":"category","embeddable":true,"href":"https:\/\/biblioteca.tianat.cat\/index.php?rest_route=%2Fwp%2Fv2%2Fcategories&post=9805"},{"taxonomy":"post_tag","embeddable":true,"href":"https:\/\/biblioteca.tianat.cat\/index.php?rest_route=%2Fwp%2Fv2%2Ftags&post=9805"}],"curies":[{"name":"wp","href":"https:\/\/api.w.org\/{rel}","templated":true}]}}